{"id":4699,"date":"2014-12-07T05:00:23","date_gmt":"2014-12-07T01:00:23","guid":{"rendered":"http:\/\/www.lingvafestivalo.info\/moskvo\/?p=4699"},"modified":"2014-12-17T17:26:16","modified_gmt":"2014-12-17T13:26:16","slug":"artikolo-por-rego-9","status":"publish","type":"post","link":"https:\/\/www.lingvafestivalo.info\/moskvo\/2014\/artikolo-por-rego-9\/","title":{"rendered":"\u2168 Moskva lingva Festivalo: la sekva pa\u015do al rekono"},"content":{"rendered":"<p><strong>Artikolo por REGo \/ \u0421\u0442\u0430\u00ad\u0442\u044c\u044f \u043d\u0430 \u044d\u0441\u043f\u0435\u00ad\u0440\u0430\u043d\u00ad\u0442\u043e \u0434\u043b\u044f \u0420\u043e\u0441\u00ad\u0441\u0438\u0439\u00ad\u0441\u043a\u043e\u0439 \u044d\u0441\u043f\u0435\u0440\u0430\u043d\u0442\u043e-\u0433\u0430\u0437\u0435\u0442\u044b<\/strong><\/p>\n<p>La 7\u2011an de decembro 2014 en Moskvo pasis la vica Lingva Festivalo \u2014 jam glorfama en la rusia \u0109efurbo kaj tra la tuta Rusio. Anka\u016d \u0109ijare \u011din vizitis \u0109irka\u016d mil interesi\u011dantoj. La kvanto de la festivalaj programerproponoj apena\u016d en\u015dovi\u011dis en la limciferon 100. Estis prezentitaj 73 lingvoj, 18 lingvistikaj prelegoj, 10 praktika\u0135oj plus du pupaj ekspozicioj, seninterrompaj ceremonioj de \u0109ina tegustumado, multlingva karaokeo kaj du spektakloj \u2014 unu prelegforma lingvakoncerto kaj la granda finala koncerto kun solena\u0135oj.<\/p>\n<p>Esperanton prezentis la ge\u0109eboksaranoj Aleksandr Blinov (kiu rakontis anka\u016d pri la \u0109uva\u015da lingvo) kaj Tatjana Stepanova (ekskluzive estanta membro de <span class=\"caps\">MEA<\/span> <span class=\"caps\">MASI<\/span>) kaj la moskvanoj Georgij Kokolija kaj Julija Samsonova. Nikolao Gudskov prelegis pri la 155-jari\u011do de Ludoviko Zamenhof. En la Esperanta Gastejo kelkaj gastoj iom libere konversaciis kun kelkaj esperantistoj, foje turnante sin al la ekspozicio de E\u2011libroj. En la anta\u016dkonferenceja vistiblo Svetlana Gon\u0109arova de\u0135oris apud la ekspozocio \u00abMia vorto\u00bb, sur la fono de kiu okazis la fotosesio, kaj pri tio indas diri aparte.<\/p>\n<p>Lan\u0109ita de la francaj esperantistoj somere 2012, la projekto \u00abMia vorto\u00bb estas da\u016drigata de masianoj jam dum kelkaj E\u2011aran\u011doj, kaj en la Lingva Festivalo i\u011dis netriviala popularigilo de Esperanto. Al \u0109iu spektanto de la ekspozicio estis proponite foti\u011di kun la\u016dpla\u0109e elektebla vorto, kiun la homo devas trovi en la vortaro a\u016d demandi de la de\u0135oranta esperantisto. La de\u0135oranto klarigadis, ke la afero estas dedi\u0109ita al la a\u016dtoro de Esperanto Ludoviko Zamenhof, kiu \u0109ijare havas 155-jaran jubileon, kaj proponis foti\u011di. La projekto elvokis viglan intereson kaj partoprenaktivadon \u0109e la publiko.<\/p>\n<p>Kun plena respondeco mi asertas, ke \u0109iuj multnombraj \u0109eestantoj de la festivalo scias pri Esperanto, danke memoras, ke ilian \u015datatan feston \u2014 la kulturan eventon, tra la tuta jaro atendatan, organizas la bonaj homoj \u2014 esperatstoj. Ili scias tion \u0109ar a\u016ddas pri Esperanto de la scenejo dum la Solena malfermo kaj la Solena fermo, vidas E\u2011ekspoziciojn en la vestibloj kaj homojn kun Esperantaj insignoj, legas en la festivala pa\u011daro kaj sociaj retejoj kaj anka\u016d en la programfolio, kiu estas la \u0109efa helpilo kaj navigilo de la grandioza Festivalo por senescepte \u0109iu organizanto kaj gastvizitanto.<\/p>\n<p>Kiel \u0109iam, la moskvan festivalon okazigis la Moskva Esperanto-Asocio \u00abM<span><\/span>A<span><\/span>S<span><\/span>I\u00bb, sin apoganta al la scienca potenco de la junaj moskvaj lingvistoj. La teamanoj zorgis pri organizaj aferoj kaj pri la na\u016ddeko da prelegantoj. Speciale menciindas kaj dankindas la laboro de Anastasija Golc (administranto), Aleksandr Lebedev (festivala pa\u011daro kaj zorganto pri la prezentantoj), Maksim \u0134it\u0109enko, Jekaterina Lozina kaj Irina Konopljanova (zorgantoj pri la prezentantoj), Ludmila Vasiljeva (porinstruista teejo). Kernajn rolojn havis la iamaj masianoj kaj finintoj de la E\u2011kurso FaRo \u0109e <span class=\"caps\">MEA<\/span> <span class=\"caps\">MASI<\/span> Svetlana \u015ci\u015dkina (organizanto de la Solena fermo kaj koncerto), Marija Aksjonova (la kunordiganto de volontuloj) kaj Aleksej Lebedev (la gvidanto de la ferma koncerto). Kelkaj masianoj estis anka\u016d lingvoprezentantoj: Anastasija Golc (la finna kaj la estona), Aleksej Lebedev (la sveda), Julia Samsonova (la germana kaj Esperanto), Mi\u0125ail \u0124aminskij (la kataluna, la portugala, la belorusa), Tatjana Stepanova (Esperanto).<\/p>\n<p>Multe helpis al la \u0109ijara evento la akceptantoj \u2014 sen kiuj la vaganta festivalo tute ne povus okazi. \u0108i-jare nin gastigis la \u0109efa porinstruista altlernejo de Rusio \u2014 la Moskva Pedagogia \u015ctata Universitato (<span class=\"caps\">MPGU<\/span>), pli \u011duste \u2014 ties Instituto pri filologio kaj fremdaj lingvoj. Indas emfazi, ke neniam anta\u016de ni \u011duis tiom varman, samideanan kaj helpplenan akcepton, neniam tiom da profesoroj de la akceptanta instanco kontribuis la programon. Kaj neniam anta\u016de la mem rektoro de la Universitato \u0109eestis la tutan Solenan malfermon. En sia salutvorto la akademiano doktoro A. O. Semjonov alte aprezis la Festivalon kaj proponis  la Universitaton por \u011di kiel konstantan bazon. Post la laciga kaj emociplena festivala tago, kiu da\u016dris de la 11\u2011a horo kaj fini\u011dis post la 20\u2011a per la enmanigo de diplomoj dum la \u0109arma diversnacia koncerto, la organizantoj kaj programkontribuantoj kuni\u011dis por la negranda festeno. Tie da\u016dris admirplenaj kaj dankaj paroladoj kaj denove sonis kantoj en la naciaj lingvoj, kaj kune kun ni festis la sukceson la vicdirektorino de la Instituto, katedrestro O. Je. Drozdova, kiu invitis nin plu kunlabori pri lingvaj klerigaj projektoj.<\/p>\n<p>Kial ne? Tre volonte ni revenos al <span class=\"caps\">MPGU<\/span>. Eble, ne nur kun la Lingva Festivalo\u2026<\/p>\n<p><em>Irina Gon\u0109arova,<br>\nkunordiganto de <span class=\"caps\">MEA<\/span>&nbsp;<span class=\"caps\">MASI<\/span>,<br>\ndirektoro de la&nbsp;<span class=\"caps\">MLF<\/span><\/em><br>\n<a href=\"http:\/\/www.lingvafestivalo.info\/\">http:\/\/www.lingvafestivalo.info\/<\/a><\/p>\n<style>\n.serio{\n display: inline-block;\n}\n<\/style>\n<div class=\"serio\">\n<a href=\"http:\/\/www.lingvafestivalo.info\/moskvo\/wp-content\/uploads\/2014\/12\/Esperanto-dum-MLF-e1418821713331.jpg\"><img decoding=\"async\" src=\"http:\/\/www.lingvafestivalo.info\/moskvo\/wp-content\/uploads\/2014\/12\/Esperanto-dum-MLF-300x200.jpg\" alt=\"Esperanto dum MLF\" height=\"150\" class=\"alignleft size-medium wp-image-4700\"><\/a>\n<\/div>\n<div class=\"serio\">\n<a href=\"http:\/\/www.lingvafestivalo.info\/moskvo\/wp-content\/uploads\/2014\/12\/Mia-vorto-Animo-e1418821604140.jpg\"><img decoding=\"async\" src=\"http:\/\/www.lingvafestivalo.info\/moskvo\/wp-content\/uploads\/2014\/12\/Mia-vorto-Animo-300x213.jpg\" alt=\"Mia vorto - Animo\" height=\"150\" class=\"alignleft size-medium wp-image-4702\"><\/a>\n<\/div>\n<div class=\"serio\">\n<a href=\"http:\/\/www.lingvafestivalo.info\/moskvo\/wp-content\/uploads\/2014\/12\/Ferma-koncerto-e1418821646193.jpg\"><img decoding=\"async\" src=\"http:\/\/www.lingvafestivalo.info\/moskvo\/wp-content\/uploads\/2014\/12\/Ferma-koncerto-300x200.jpg\" alt=\"Ferma koncerto\" height=\"150\" class=\"alignleft size-medium wp-image-4701\"><\/a>\n<\/div>\n<p>&nbsp;<\/p>\n<p>Tiu \u0109i artikolo en la formato <em>.docx<\/em>: <a href=\"http:\/\/www.lingvafestivalo.info\/moskvo\/wp-content\/uploads\/2014\/12\/IX-Festivalo.-Artikolo-por-REGo.docx\">el\u015duti la dosieron<\/a>.<\/p>\n","protected":false},"excerpt":{"rendered":"<p>Artikolo por REGo \/ \u0421\u0442\u0430\u00ad\u0442\u044c\u044f \u043d\u0430 \u044d\u0441\u043f\u0435\u00ad\u0440\u0430\u043d\u00ad\u0442\u043e \u0434\u043b\u044f \u0420\u043e\u0441\u00ad\u0441\u0438\u0439\u00ad\u0441\u043a\u043e\u0439 \u044d\u0441\u043f\u0435\u00ad\u0440\u0430\u043d\u00ad\u0442\u043e-\u0433\u0430\u0437\u0435\u00ad\u0442\u044b La 7\u2011an de decembro 2014 en Moskvo pasis la vica Lingva Festivalo \u2014 jam glorfama en la rusia \u0109efurbo kaj tra la tuta Rusio. Anka\u016d \u0109ijare \u011din vizitis \u0109irka\u016d mil interesi\u011dantoj. La kvanto de la festivalaj programerproponoj apena\u016d en\u015dovi\u011dis en la limciferon 100. Estis prezentitaj&nbsp;[\u2026]<\/p>\n","protected":false},"author":5,"featured_media":0,"comment_status":"closed","ping_status":"closed","sticky":false,"template":"","format":"standard","meta":{"wp_typography_post_enhancements_disabled":false,"footnotes":""},"categories":[19],"tags":[],"class_list":["post-4699","post","type-post","status-publish","format-standard","hentry","category-festival-2014"],"_links":{"self":[{"href":"https:\/\/www.lingvafestivalo.info\/moskvo\/wp-json\/wp\/v2\/posts\/4699","targetHints":{"allow":["GET"]}}],"collection":[{"href":"https:\/\/www.lingvafestivalo.info\/moskvo\/wp-json\/wp\/v2\/posts"}],"about":[{"href":"https:\/\/www.lingvafestivalo.info\/moskvo\/wp-json\/wp\/v2\/types\/post"}],"author":[{"embeddable":true,"href":"https:\/\/www.lingvafestivalo.info\/moskvo\/wp-json\/wp\/v2\/users\/5"}],"replies":[{"embeddable":true,"href":"https:\/\/www.lingvafestivalo.info\/moskvo\/wp-json\/wp\/v2\/comments?post=4699"}],"version-history":[{"count":1,"href":"https:\/\/www.lingvafestivalo.info\/moskvo\/wp-json\/wp\/v2\/posts\/4699\/revisions"}],"predecessor-version":[{"id":4703,"href":"https:\/\/www.lingvafestivalo.info\/moskvo\/wp-json\/wp\/v2\/posts\/4699\/revisions\/4703"}],"wp:attachment":[{"href":"https:\/\/www.lingvafestivalo.info\/moskvo\/wp-json\/wp\/v2\/media?parent=4699"}],"wp:term":[{"taxonomy":"category","embeddable":true,"href":"https:\/\/www.lingvafestivalo.info\/moskvo\/wp-json\/wp\/v2\/categories?post=4699"},{"taxonomy":"post_tag","embeddable":true,"href":"https:\/\/www.lingvafestivalo.info\/moskvo\/wp-json\/wp\/v2\/tags?post=4699"}],"curies":[{"name":"wp","href":"https:\/\/api.w.org\/{rel}","templated":true}]}}